{"id":2453,"date":"2023-08-27T14:49:30","date_gmt":"2023-08-27T12:49:30","guid":{"rendered":"http:\/\/sv-uerdingen.de\/?p=2453"},"modified":"2023-09-17T17:40:08","modified_gmt":"2023-09-17T15:40:08","slug":"sheltie-show-sig-26-27-08-2023","status":"publish","type":"post","link":"http:\/\/sv-uerdingen.de\/?p=2453","title":{"rendered":"Sheltie Show &#8211; SIG (26.\/27.08.2023)"},"content":{"rendered":"<p>[et_pb_section admin_label=&#8220;section&#8220;]<br>\n\t\t\t[et_pb_row admin_label=&#8220;row&#8220;]<br>\n\t\t\t\t[et_pb_column type=&#8220;4_4&#8243;][et_pb_text admin_label=&#8220;Text&#8220;]<\/p>\n\n\n<p>Am Wochenende fand wieder einmal eine gelungene Veranstaltung der Shetland Sheepdog Interessengemeinschaft \u201eSIG e.V.\u201c statt, die sich der faszinierenden Welt der Shelties widmete.<br>Die Sheltie Ausstellung zog viele Hundefreunde an, die begeistert die Vielfalt dieser Rasse bewunderten. Die hohe Meldezahl von 34 Hunden zeugte von gro\u00dfem Interesse und Enthusiasmus der Teilnehmer. Das strahlende Wetter und sommerliche Ambiente des Gel\u00e4ndes trug zur positiven Stimmung bei, als Hundefreunde und Zuschauer sich versammelten, um die ausgestellten Shelties zu bewundern.<\/p>\n\n\n\n<p>Besonders erfreulich war die Teilnahme von 2 Startern aus der eigenen Ortsgruppe Uerdingen, die mit Spannung erwartet wurden. Dabei gelang es Waldemar Werman, mit einem der beiden Hunde den Sieg f\u00fcr die Gruppe nach Hause zu holen! Diese herausragende Leistung unterstreicht die Qualit\u00e4t der Hunde und das Engagement der Teilnehmer.<\/p>\n\n\n\n<p>Monika B\u00f6ttchers R\u00fcde \u201eEmil from Sugarbuck\u201c, pr\u00e4sentiert von W. Werman, war zweiffellos einer der strahlenden Stars des Tages. Er hat nicht nur die Offene Klasse der R\u00fcden gewonnen, sondern wurde auch insgesamt als bester R\u00fcde der Veranstaltung mit einem \u201eBOS\u201c gek\u00fcrt!<br>Seine bemerkenswerte Pr\u00e4senz und sein elegantes Auftreten \u00fcberzeugten die Richterin H. Assenmacher-Feyel, ihn als einen Spitzenvertreter des Shelties zu k\u00fcren, und lie\u00dfen ihn als w\u00fcrdigen Gewinner hervorstechen.<br>Wir gratulieren ganz herzlich!<\/p>\n\n\n\n<p>Bereits am Vortag hatte das Sommerfest des Vereins die gute Stimmung angeheizt. Bei Sonnenschein und blauen Himmel feierten die Mitglieder und ihre G\u00e4ste fr\u00f6hlich zusammen. Dabei durften k\u00f6stliche Kuchenvariationen und herzhaft duftendes Grillfleisch, das \u00fcber offener Flamme zubereitet wurde, genossen werden. Die Stimmung war entspannt und fr\u00f6hlich, und das Highlight des Tages war zweifellos das Hunderennen, bei dem die Vierbeiner in einer spannenden Wettbewerbssituation gegeneinander antraten.<\/p>\n\n\n\n<p>Die Kombination aus Sommerfest und Ausstellung, machte die Veranstaltung zu einem vollen Erfolg.<br>Sie bot nicht nur eine Plattform um die Eigenschaften und F\u00e4higkeiten des Shetland Sheepdogs zu zeigen, sondern auch eine Gelegenheit f\u00fcr Hundefreunde, sich zu vernetzen und gemeinsam ihre Leidenschaft zu feiern!<\/p>\n\n\n\n<p>Veranstalter und Teilnehmer freuten sich \u00fcber den reibungslosen Ablauf von Veranstaltung und Service und ein gro\u00dfer Dank gilt auch den Helfern aus der OG Uerdingen:<br>Gaby Dinkelbach, Gaby Wittmar, Waldemar Werman und Tom Rennefeld<\/p>\n\n\n\n<p><\/p>\n\n\n\n<figure class=\"wp-block-gallery has-nested-images columns-default is-cropped wp-block-gallery-1 is-layout-flex wp-block-gallery-is-layout-flex\">\n<figure class=\"wp-block-image size-large\"><img loading=\"lazy\" decoding=\"async\" width=\"1024\" height=\"718\" data-id=\"2475\" src=\"http:\/\/sv-uerdingen.de\/wp-content\/uploads\/2023\/08\/IMG-20230915-WA0009-1024x718.jpg\" alt=\"\" class=\"wp-image-2475\" srcset=\"http:\/\/sv-uerdingen.de\/wp-content\/uploads\/2023\/08\/IMG-20230915-WA0009-980x687.jpg 980w, http:\/\/sv-uerdingen.de\/wp-content\/uploads\/2023\/08\/IMG-20230915-WA0009-480x337.jpg 480w\" sizes=\"auto, (min-width: 0px) and (max-width: 480px) 480px, (min-width: 481px) and (max-width: 980px) 980px, (min-width: 981px) 1024px, 100vw\" \/><\/figure>\n\n\n\n<figure class=\"wp-block-image size-large\"><img loading=\"lazy\" decoding=\"async\" width=\"1024\" height=\"675\" data-id=\"2474\" src=\"http:\/\/sv-uerdingen.de\/wp-content\/uploads\/2023\/08\/IMG-20230915-WA0008-1024x675.jpg\" alt=\"\" class=\"wp-image-2474\" srcset=\"http:\/\/sv-uerdingen.de\/wp-content\/uploads\/2023\/08\/IMG-20230915-WA0008-1024x675.jpg 1024w, http:\/\/sv-uerdingen.de\/wp-content\/uploads\/2023\/08\/IMG-20230915-WA0008-980x646.jpg 980w, http:\/\/sv-uerdingen.de\/wp-content\/uploads\/2023\/08\/IMG-20230915-WA0008-480x316.jpg 480w\" sizes=\"auto, (min-width: 0px) and (max-width: 480px) 480px, (min-width: 481px) and (max-width: 980px) 980px, (min-width: 981px) 1024px, 100vw\" \/><\/figure>\n\n\n\n<figure class=\"wp-block-image size-large\"><img loading=\"lazy\" decoding=\"async\" width=\"1024\" height=\"680\" data-id=\"2473\" src=\"http:\/\/sv-uerdingen.de\/wp-content\/uploads\/2023\/08\/IMG-20230915-WA0007-1024x680.jpg\" alt=\"\" class=\"wp-image-2473\" srcset=\"http:\/\/sv-uerdingen.de\/wp-content\/uploads\/2023\/08\/IMG-20230915-WA0007-980x651.jpg 980w, http:\/\/sv-uerdingen.de\/wp-content\/uploads\/2023\/08\/IMG-20230915-WA0007-480x319.jpg 480w\" sizes=\"auto, (min-width: 0px) and (max-width: 480px) 480px, (min-width: 481px) and (max-width: 980px) 980px, (min-width: 981px) 1024px, 100vw\" \/><\/figure>\n\n\n\n<figure class=\"wp-block-image size-large\"><img loading=\"lazy\" decoding=\"async\" width=\"1024\" height=\"1024\" data-id=\"2468\" src=\"http:\/\/sv-uerdingen.de\/wp-content\/uploads\/2023\/08\/20230827_134444-1024x1024.jpg\" alt=\"\" class=\"wp-image-2468\" srcset=\"http:\/\/sv-uerdingen.de\/wp-content\/uploads\/2023\/08\/20230827_134444-980x980.jpg 980w, http:\/\/sv-uerdingen.de\/wp-content\/uploads\/2023\/08\/20230827_134444-480x480.jpg 480w\" sizes=\"auto, (min-width: 0px) and (max-width: 480px) 480px, (min-width: 481px) and (max-width: 980px) 980px, (min-width: 981px) 1024px, 100vw\" \/><\/figure>\n\n\n\n<figure class=\"wp-block-image size-large\"><img loading=\"lazy\" decoding=\"async\" width=\"576\" height=\"1024\" data-id=\"2471\" src=\"http:\/\/sv-uerdingen.de\/wp-content\/uploads\/2023\/08\/IMG-20230827-WA0003-576x1024.jpeg\" alt=\"\" class=\"wp-image-2471\"\/><\/figure>\n\n\n\n<figure class=\"wp-block-image size-large\"><img loading=\"lazy\" decoding=\"async\" width=\"1024\" height=\"1024\" data-id=\"2470\" src=\"http:\/\/sv-uerdingen.de\/wp-content\/uploads\/2023\/08\/20230914_152853-1024x1024.jpg\" alt=\"\" class=\"wp-image-2470\" srcset=\"http:\/\/sv-uerdingen.de\/wp-content\/uploads\/2023\/08\/20230914_152853-980x980.jpg 980w, http:\/\/sv-uerdingen.de\/wp-content\/uploads\/2023\/08\/20230914_152853-480x480.jpg 480w\" sizes=\"auto, (min-width: 0px) and (max-width: 480px) 480px, (min-width: 481px) and (max-width: 980px) 980px, (min-width: 981px) 1024px, 100vw\" \/><\/figure>\n\n\n\n<figure class=\"wp-block-image size-large\"><img loading=\"lazy\" decoding=\"async\" width=\"1024\" height=\"1024\" data-id=\"2469\" src=\"http:\/\/sv-uerdingen.de\/wp-content\/uploads\/2023\/08\/20230914_152848-1024x1024.jpg\" alt=\"\" class=\"wp-image-2469\" srcset=\"http:\/\/sv-uerdingen.de\/wp-content\/uploads\/2023\/08\/20230914_152848-980x980.jpg 980w, http:\/\/sv-uerdingen.de\/wp-content\/uploads\/2023\/08\/20230914_152848-480x480.jpg 480w\" sizes=\"auto, (min-width: 0px) and (max-width: 480px) 480px, (min-width: 481px) and (max-width: 980px) 980px, (min-width: 981px) 1024px, 100vw\" \/><\/figure>\n<\/figure>\n\n\n<p>[\/et_pb_text][\/et_pb_column]<br>\n\t\t\t[\/et_pb_row]<br>\n\t\t[\/et_pb_section]<\/p>","protected":false},"excerpt":{"rendered":"<p>[et_pb_section admin_label=&#8220;section&#8220;] [et_pb_row admin_label=&#8220;row&#8220;] [et_pb_column type=&#8220;4_4&#8243;][et_pb_text admin_label=&#8220;Text&#8220;] Am Wochenende fand wieder einmal eine gelungene Veranstaltung der Shetland Sheepdog Interessengemeinschaft \u201eSIG e.V.\u201c statt, die sich der faszinierenden Welt der Shelties widmete.Die Sheltie Ausstellung zog viele Hundefreunde an, die begeistert die Vielfalt dieser Rasse bewunderten. Die hohe Meldezahl von 34 Hunden zeugte von gro\u00dfem Interesse und Enthusiasmus [&hellip;]<\/p>\n","protected":false},"author":9,"featured_media":2472,"comment_status":"closed","ping_status":"closed","sticky":false,"template":"","format":"standard","meta":{"_et_pb_use_builder":"on","_et_pb_old_content":"<!-- wp:paragraph -->\n<p>Ein wundersch\u00f6nes Wochenende. Am Samstag feierte der Verein SIG unter sich die Aufnahme in den VDH. Mit leckerem Gegrillten und allerlei Salaten und tollem Kuchen wurden die Vereinsmitglieder verw\u00f6hnt. Am n\u00e4chsten Tag, dem Sonntag, wurden dann in den einzelnen Klassen die Hunde vorgestellt. \"Wer ist der Sch\u00f6nste\" hie\u00df es dann. Waldemar mit Tine und unsere Monika mit Emil nahmen teil. Und Monika gewann sogar die offene Klasse und auch noch den Titel Best of Show. Herzlichen Gl\u00fcckwunsch. Die Helfer bekamen so eine tolle Tasse.<\/p>\n<!-- \/wp:paragraph -->\n\n<!-- wp:gallery {\"linkTo\":\"none\"} -->\n<figure class=\"wp-block-gallery has-nested-images columns-default is-cropped\"><!-- wp:image {\"id\":2455,\"sizeSlug\":\"large\",\"linkDestination\":\"none\"} -->\n<figure class=\"wp-block-image size-large\"><img src=\"http:\/\/sv-uerdingen.de\/wp-content\/uploads\/2023\/09\/IMG-20230827-WA0003-576x1024.jpeg\" alt=\"\" class=\"wp-image-2455\"\/><\/figure>\n<!-- \/wp:image -->\n\n<!-- wp:image {\"id\":2456,\"sizeSlug\":\"large\",\"linkDestination\":\"none\"} -->\n<figure class=\"wp-block-image size-large\"><img src=\"http:\/\/sv-uerdingen.de\/wp-content\/uploads\/2023\/09\/IMG-20230828-WA0001-576x1024.jpeg\" alt=\"\" class=\"wp-image-2456\"\/><\/figure>\n<!-- \/wp:image --><\/figure>\n<!-- \/wp:gallery -->","_et_gb_content_width":"","footnotes":""},"categories":[17],"tags":[],"class_list":["post-2453","post","type-post","status-publish","format-standard","has-post-thumbnail","hentry","category-verschiedenes"],"yoast_head":"<!-- This site is optimized with the Yoast SEO plugin v22.1 - https:\/\/yoast.com\/wordpress\/plugins\/seo\/ -->\n<title>Sheltie Show - SIG (26.\/27.08.2023) - Hundesportverein Krefeld SV OG Uerdingen<\/title>\n<meta name=\"robots\" content=\"index, follow, max-snippet:-1, max-image-preview:large, max-video-preview:-1\" \/>\n<link rel=\"canonical\" href=\"https:\/\/sv-uerdingen.de\/?p=2453\" \/>\n<meta property=\"og:locale\" content=\"de_DE\" \/>\n<meta property=\"og:type\" content=\"article\" \/>\n<meta property=\"og:title\" content=\"Sheltie Show - SIG (26.\/27.08.2023) - Hundesportverein Krefeld SV OG Uerdingen\" \/>\n<meta property=\"og:description\" content=\"[et_pb_section admin_label=&#8220;section&#8220;] [et_pb_row admin_label=&#8220;row&#8220;] [et_pb_column type=&#8220;4_4&#8243;][et_pb_text admin_label=&#8220;Text&#8220;] Am Wochenende fand wieder einmal eine gelungene Veranstaltung der Shetland Sheepdog Interessengemeinschaft \u201eSIG e.V.\u201c statt, die sich der faszinierenden Welt der Shelties widmete.Die Sheltie Ausstellung zog viele Hundefreunde an, die begeistert die Vielfalt dieser Rasse bewunderten. Die hohe Meldezahl von 34 Hunden zeugte von gro\u00dfem Interesse und Enthusiasmus [&hellip;]\" \/>\n<meta property=\"og:url\" content=\"https:\/\/sv-uerdingen.de\/?p=2453\" \/>\n<meta property=\"og:site_name\" content=\"Hundesportverein Krefeld SV OG Uerdingen\" \/>\n<meta property=\"article:published_time\" content=\"2023-08-27T12:49:30+00:00\" \/>\n<meta property=\"article:modified_time\" content=\"2023-09-17T15:40:08+00:00\" \/>\n<meta property=\"og:image\" content=\"https:\/\/sv-uerdingen.de\/wp-content\/uploads\/2023\/08\/IMG-20230915-WA0005.jpg\" \/>\n\t<meta property=\"og:image:width\" content=\"2048\" \/>\n\t<meta property=\"og:image:height\" content=\"1360\" \/>\n\t<meta property=\"og:image:type\" content=\"image\/jpeg\" \/>\n<meta name=\"author\" content=\"Tom Rennefeld\" \/>\n<meta name=\"twitter:card\" content=\"summary_large_image\" \/>\n<meta name=\"twitter:label1\" content=\"Verfasst von\" \/>\n\t<meta name=\"twitter:data1\" content=\"Tom Rennefeld\" \/>\n\t<meta name=\"twitter:label2\" content=\"Gesch\u00e4tzte Lesezeit\" \/>\n\t<meta name=\"twitter:data2\" content=\"2\u00a0Minuten\" \/>\n<script type=\"application\/ld+json\" class=\"yoast-schema-graph\">{\"@context\":\"https:\/\/schema.org\",\"@graph\":[{\"@type\":\"WebPage\",\"@id\":\"https:\/\/sv-uerdingen.de\/?p=2453\",\"url\":\"https:\/\/sv-uerdingen.de\/?p=2453\",\"name\":\"Sheltie Show - SIG (26.\/27.08.2023) - Hundesportverein Krefeld SV OG Uerdingen\",\"isPartOf\":{\"@id\":\"https:\/\/sv-uerdingen.de\/#website\"},\"datePublished\":\"2023-08-27T12:49:30+00:00\",\"dateModified\":\"2023-09-17T15:40:08+00:00\",\"author\":{\"@id\":\"https:\/\/sv-uerdingen.de\/#\/schema\/person\/a67ee84268bed6a473f6411ad54dc103\"},\"breadcrumb\":{\"@id\":\"https:\/\/sv-uerdingen.de\/?p=2453#breadcrumb\"},\"inLanguage\":\"de\",\"potentialAction\":[{\"@type\":\"ReadAction\",\"target\":[\"https:\/\/sv-uerdingen.de\/?p=2453\"]}]},{\"@type\":\"BreadcrumbList\",\"@id\":\"https:\/\/sv-uerdingen.de\/?p=2453#breadcrumb\",\"itemListElement\":[{\"@type\":\"ListItem\",\"position\":1,\"name\":\"Startseite\",\"item\":\"https:\/\/sv-uerdingen.de\/\"},{\"@type\":\"ListItem\",\"position\":2,\"name\":\"Sheltie Show &#8211; SIG (26.\/27.08.2023)\"}]},{\"@type\":\"WebSite\",\"@id\":\"https:\/\/sv-uerdingen.de\/#website\",\"url\":\"https:\/\/sv-uerdingen.de\/\",\"name\":\"Hundesportverein Krefeld SV OG Uerdingen\",\"description\":\"Hundesportverein Krefeld Ortsgruppe Uerdingen\",\"potentialAction\":[{\"@type\":\"SearchAction\",\"target\":{\"@type\":\"EntryPoint\",\"urlTemplate\":\"https:\/\/sv-uerdingen.de\/?s={search_term_string}\"},\"query-input\":\"required name=search_term_string\"}],\"inLanguage\":\"de\"},{\"@type\":\"Person\",\"@id\":\"https:\/\/sv-uerdingen.de\/#\/schema\/person\/a67ee84268bed6a473f6411ad54dc103\",\"name\":\"Tom Rennefeld\",\"image\":{\"@type\":\"ImageObject\",\"inLanguage\":\"de\",\"@id\":\"https:\/\/sv-uerdingen.de\/#\/schema\/person\/image\/\",\"url\":\"https:\/\/secure.gravatar.com\/avatar\/55c3d1f2c725b376eee17b59b5b378c171f804e35eea6d294daa9ed394450cfe?s=96&d=mm&r=g\",\"contentUrl\":\"https:\/\/secure.gravatar.com\/avatar\/55c3d1f2c725b376eee17b59b5b378c171f804e35eea6d294daa9ed394450cfe?s=96&d=mm&r=g\",\"caption\":\"Tom Rennefeld\"},\"url\":\"http:\/\/sv-uerdingen.de\/?author=9\"}]}<\/script>\n<!-- \/ Yoast SEO plugin. -->","yoast_head_json":{"title":"Sheltie Show - SIG (26.\/27.08.2023) - Hundesportverein Krefeld SV OG Uerdingen","robots":{"index":"index","follow":"follow","max-snippet":"max-snippet:-1","max-image-preview":"max-image-preview:large","max-video-preview":"max-video-preview:-1"},"canonical":"https:\/\/sv-uerdingen.de\/?p=2453","og_locale":"de_DE","og_type":"article","og_title":"Sheltie Show - SIG (26.\/27.08.2023) - Hundesportverein Krefeld SV OG Uerdingen","og_description":"[et_pb_section admin_label=&#8220;section&#8220;] [et_pb_row admin_label=&#8220;row&#8220;] [et_pb_column type=&#8220;4_4&#8243;][et_pb_text admin_label=&#8220;Text&#8220;] Am Wochenende fand wieder einmal eine gelungene Veranstaltung der Shetland Sheepdog Interessengemeinschaft \u201eSIG e.V.\u201c statt, die sich der faszinierenden Welt der Shelties widmete.Die Sheltie Ausstellung zog viele Hundefreunde an, die begeistert die Vielfalt dieser Rasse bewunderten. Die hohe Meldezahl von 34 Hunden zeugte von gro\u00dfem Interesse und Enthusiasmus [&hellip;]","og_url":"https:\/\/sv-uerdingen.de\/?p=2453","og_site_name":"Hundesportverein Krefeld SV OG Uerdingen","article_published_time":"2023-08-27T12:49:30+00:00","article_modified_time":"2023-09-17T15:40:08+00:00","og_image":[{"width":2048,"height":1360,"url":"https:\/\/sv-uerdingen.de\/wp-content\/uploads\/2023\/08\/IMG-20230915-WA0005.jpg","type":"image\/jpeg"}],"author":"Tom Rennefeld","twitter_card":"summary_large_image","twitter_misc":{"Verfasst von":"Tom Rennefeld","Gesch\u00e4tzte Lesezeit":"2\u00a0Minuten"},"schema":{"@context":"https:\/\/schema.org","@graph":[{"@type":"WebPage","@id":"https:\/\/sv-uerdingen.de\/?p=2453","url":"https:\/\/sv-uerdingen.de\/?p=2453","name":"Sheltie Show - SIG (26.\/27.08.2023) - Hundesportverein Krefeld SV OG Uerdingen","isPartOf":{"@id":"https:\/\/sv-uerdingen.de\/#website"},"datePublished":"2023-08-27T12:49:30+00:00","dateModified":"2023-09-17T15:40:08+00:00","author":{"@id":"https:\/\/sv-uerdingen.de\/#\/schema\/person\/a67ee84268bed6a473f6411ad54dc103"},"breadcrumb":{"@id":"https:\/\/sv-uerdingen.de\/?p=2453#breadcrumb"},"inLanguage":"de","potentialAction":[{"@type":"ReadAction","target":["https:\/\/sv-uerdingen.de\/?p=2453"]}]},{"@type":"BreadcrumbList","@id":"https:\/\/sv-uerdingen.de\/?p=2453#breadcrumb","itemListElement":[{"@type":"ListItem","position":1,"name":"Startseite","item":"https:\/\/sv-uerdingen.de\/"},{"@type":"ListItem","position":2,"name":"Sheltie Show &#8211; SIG (26.\/27.08.2023)"}]},{"@type":"WebSite","@id":"https:\/\/sv-uerdingen.de\/#website","url":"https:\/\/sv-uerdingen.de\/","name":"Hundesportverein Krefeld SV OG Uerdingen","description":"Hundesportverein Krefeld Ortsgruppe Uerdingen","potentialAction":[{"@type":"SearchAction","target":{"@type":"EntryPoint","urlTemplate":"https:\/\/sv-uerdingen.de\/?s={search_term_string}"},"query-input":"required name=search_term_string"}],"inLanguage":"de"},{"@type":"Person","@id":"https:\/\/sv-uerdingen.de\/#\/schema\/person\/a67ee84268bed6a473f6411ad54dc103","name":"Tom Rennefeld","image":{"@type":"ImageObject","inLanguage":"de","@id":"https:\/\/sv-uerdingen.de\/#\/schema\/person\/image\/","url":"https:\/\/secure.gravatar.com\/avatar\/55c3d1f2c725b376eee17b59b5b378c171f804e35eea6d294daa9ed394450cfe?s=96&d=mm&r=g","contentUrl":"https:\/\/secure.gravatar.com\/avatar\/55c3d1f2c725b376eee17b59b5b378c171f804e35eea6d294daa9ed394450cfe?s=96&d=mm&r=g","caption":"Tom Rennefeld"},"url":"http:\/\/sv-uerdingen.de\/?author=9"}]}},"_links":{"self":[{"href":"http:\/\/sv-uerdingen.de\/index.php?rest_route=\/wp\/v2\/posts\/2453","targetHints":{"allow":["GET"]}}],"collection":[{"href":"http:\/\/sv-uerdingen.de\/index.php?rest_route=\/wp\/v2\/posts"}],"about":[{"href":"http:\/\/sv-uerdingen.de\/index.php?rest_route=\/wp\/v2\/types\/post"}],"author":[{"embeddable":true,"href":"http:\/\/sv-uerdingen.de\/index.php?rest_route=\/wp\/v2\/users\/9"}],"replies":[{"embeddable":true,"href":"http:\/\/sv-uerdingen.de\/index.php?rest_route=%2Fwp%2Fv2%2Fcomments&post=2453"}],"version-history":[{"count":4,"href":"http:\/\/sv-uerdingen.de\/index.php?rest_route=\/wp\/v2\/posts\/2453\/revisions"}],"predecessor-version":[{"id":2477,"href":"http:\/\/sv-uerdingen.de\/index.php?rest_route=\/wp\/v2\/posts\/2453\/revisions\/2477"}],"wp:featuredmedia":[{"embeddable":true,"href":"http:\/\/sv-uerdingen.de\/index.php?rest_route=\/wp\/v2\/media\/2472"}],"wp:attachment":[{"href":"http:\/\/sv-uerdingen.de\/index.php?rest_route=%2Fwp%2Fv2%2Fmedia&parent=2453"}],"wp:term":[{"taxonomy":"category","embeddable":true,"href":"http:\/\/sv-uerdingen.de\/index.php?rest_route=%2Fwp%2Fv2%2Fcategories&post=2453"},{"taxonomy":"post_tag","embeddable":true,"href":"http:\/\/sv-uerdingen.de\/index.php?rest_route=%2Fwp%2Fv2%2Ftags&post=2453"}],"curies":[{"name":"wp","href":"https:\/\/api.w.org\/{rel}","templated":true}]}}