{"id":2490,"date":"2023-09-24T08:56:58","date_gmt":"2023-09-24T06:56:58","guid":{"rendered":"http:\/\/sv-uerdingen.de\/?p=2490"},"modified":"2023-10-04T09:08:06","modified_gmt":"2023-10-04T07:08:06","slug":"bundesliga-finale-in-der-sv-og-aubachtal","status":"publish","type":"post","link":"http:\/\/sv-uerdingen.de\/?p=2490","title":{"rendered":"Bundesliga Finale in der SV OG Aubachtal"},"content":{"rendered":"\n<p>Die Mannschaften der Liga Nord und S\u00fcd traten gegeneinander an. Die tolle Organisation der OG Aubachtal, die herzliche Atmosph\u00e4re und das freundschaftliche Miteinander lie\u00df jeden Teilnehmer eigentlich schon als Sieger f\u00fchlen. Bei bestem Wetter wurden noch einmal tolle L\u00e4ufe gezeigt, mitgefiebert, gelacht und Daumen gedr\u00fcckt. Auch ein gro\u00dfer Teil der Familie war wieder mit angereist und unterst\u00fctzten unsere Teams Uerdingen 1 und Uerdingen 2. So motiviert schaffte es Uerdingen 1 dann noch tats\u00e4chlich mit Platz 8 noch in die Top 10 und auch Uerdingen 2 mit unseren Newbies freut sich \u00fcber Platz 16.<\/p>\n\n\n\n<p>Wir gratulieren ganz herzlich den wohlverdienten Gewinnern:<\/p>\n\n\n\n<ol class=\"wp-block-list\">\n<li>Platz SV OG Heilbronn<\/li>\n\n\n\n<li>Platz SV OG Niestetal Wald<\/li>\n\n\n\n<li>Platz SV OG Essen Schonnebeck<\/li>\n<\/ol>\n\n\n\n<p>Ihr habt die Bundesliga wirklich gerockt.<\/p>\n\n\n\n<p>Herzliche Gl\u00fcckw\u00fcnsche auch an unsere Mannschaften, ihr habt das toll gemacht. Auf ein Neues im n\u00e4chsten Jahr.<\/p>\n\n\n\n<figure class=\"wp-block-image size-full\"><img loading=\"lazy\" decoding=\"async\" width=\"848\" height=\"400\" src=\"http:\/\/sv-uerdingen.de\/wp-content\/uploads\/2023\/10\/IMG-20230928-WA0003.jpg\" alt=\"\" class=\"wp-image-2492\" srcset=\"http:\/\/sv-uerdingen.de\/wp-content\/uploads\/2023\/10\/IMG-20230928-WA0003.jpg 848w, http:\/\/sv-uerdingen.de\/wp-content\/uploads\/2023\/10\/IMG-20230928-WA0003-480x226.jpg 480w\" sizes=\"auto, (min-width: 0px) and (max-width: 480px) 480px, (min-width: 481px) 848px, 100vw\" \/><\/figure>\n","protected":false},"excerpt":{"rendered":"<p>Die Mannschaften der Liga Nord und S\u00fcd traten gegeneinander an. Die tolle Organisation der OG Aubachtal, die herzliche Atmosph\u00e4re und das freundschaftliche Miteinander lie\u00df jeden Teilnehmer eigentlich schon als Sieger f\u00fchlen. Bei bestem Wetter wurden noch einmal tolle L\u00e4ufe gezeigt, mitgefiebert, gelacht und Daumen gedr\u00fcckt. Auch ein gro\u00dfer Teil der Familie war wieder mit angereist [&hellip;]<\/p>\n","protected":false},"author":8,"featured_media":2491,"comment_status":"closed","ping_status":"closed","sticky":false,"template":"","format":"standard","meta":{"_et_pb_use_builder":"","_et_pb_old_content":"","_et_gb_content_width":"","footnotes":""},"categories":[15],"tags":[],"class_list":["post-2490","post","type-post","status-publish","format-standard","has-post-thumbnail","hentry","category-pruefungen"],"yoast_head":"<!-- This site is optimized with the Yoast SEO plugin v22.1 - https:\/\/yoast.com\/wordpress\/plugins\/seo\/ -->\n<title>Bundesliga Finale in der SV OG Aubachtal - Hundesportverein Krefeld SV OG Uerdingen<\/title>\n<meta name=\"robots\" content=\"index, follow, max-snippet:-1, max-image-preview:large, max-video-preview:-1\" \/>\n<link rel=\"canonical\" href=\"https:\/\/sv-uerdingen.de\/?p=2490\" \/>\n<meta property=\"og:locale\" content=\"de_DE\" \/>\n<meta property=\"og:type\" content=\"article\" \/>\n<meta property=\"og:title\" content=\"Bundesliga Finale in der SV OG Aubachtal - Hundesportverein Krefeld SV OG Uerdingen\" \/>\n<meta property=\"og:description\" content=\"Die Mannschaften der Liga Nord und S\u00fcd traten gegeneinander an. Die tolle Organisation der OG Aubachtal, die herzliche Atmosph\u00e4re und das freundschaftliche Miteinander lie\u00df jeden Teilnehmer eigentlich schon als Sieger f\u00fchlen. Bei bestem Wetter wurden noch einmal tolle L\u00e4ufe gezeigt, mitgefiebert, gelacht und Daumen gedr\u00fcckt. Auch ein gro\u00dfer Teil der Familie war wieder mit angereist [&hellip;]\" \/>\n<meta property=\"og:url\" content=\"https:\/\/sv-uerdingen.de\/?p=2490\" \/>\n<meta property=\"og:site_name\" content=\"Hundesportverein Krefeld SV OG Uerdingen\" \/>\n<meta property=\"article:published_time\" content=\"2023-09-24T06:56:58+00:00\" \/>\n<meta property=\"article:modified_time\" content=\"2023-10-04T07:08:06+00:00\" \/>\n<meta property=\"og:image\" content=\"https:\/\/sv-uerdingen.de\/wp-content\/uploads\/2023\/10\/IMG-20230924-WA0010.jpg\" \/>\n\t<meta property=\"og:image:width\" content=\"1600\" \/>\n\t<meta property=\"og:image:height\" content=\"1200\" \/>\n\t<meta property=\"og:image:type\" content=\"image\/jpeg\" \/>\n<meta name=\"author\" content=\"Meike Chlebowski\" \/>\n<meta name=\"twitter:card\" content=\"summary_large_image\" \/>\n<meta name=\"twitter:label1\" content=\"Verfasst von\" \/>\n\t<meta name=\"twitter:data1\" content=\"Meike Chlebowski\" \/>\n\t<meta name=\"twitter:label2\" content=\"Gesch\u00e4tzte Lesezeit\" \/>\n\t<meta name=\"twitter:data2\" content=\"1\u00a0Minute\" \/>\n<script type=\"application\/ld+json\" class=\"yoast-schema-graph\">{\"@context\":\"https:\/\/schema.org\",\"@graph\":[{\"@type\":\"WebPage\",\"@id\":\"https:\/\/sv-uerdingen.de\/?p=2490\",\"url\":\"https:\/\/sv-uerdingen.de\/?p=2490\",\"name\":\"Bundesliga Finale in der SV OG Aubachtal - Hundesportverein Krefeld SV OG Uerdingen\",\"isPartOf\":{\"@id\":\"https:\/\/sv-uerdingen.de\/#website\"},\"datePublished\":\"2023-09-24T06:56:58+00:00\",\"dateModified\":\"2023-10-04T07:08:06+00:00\",\"author\":{\"@id\":\"https:\/\/sv-uerdingen.de\/#\/schema\/person\/36568bcb6003e0d289b665a89b015da2\"},\"breadcrumb\":{\"@id\":\"https:\/\/sv-uerdingen.de\/?p=2490#breadcrumb\"},\"inLanguage\":\"de\",\"potentialAction\":[{\"@type\":\"ReadAction\",\"target\":[\"https:\/\/sv-uerdingen.de\/?p=2490\"]}]},{\"@type\":\"BreadcrumbList\",\"@id\":\"https:\/\/sv-uerdingen.de\/?p=2490#breadcrumb\",\"itemListElement\":[{\"@type\":\"ListItem\",\"position\":1,\"name\":\"Startseite\",\"item\":\"https:\/\/sv-uerdingen.de\/\"},{\"@type\":\"ListItem\",\"position\":2,\"name\":\"Bundesliga Finale in der SV OG Aubachtal\"}]},{\"@type\":\"WebSite\",\"@id\":\"https:\/\/sv-uerdingen.de\/#website\",\"url\":\"https:\/\/sv-uerdingen.de\/\",\"name\":\"Hundesportverein Krefeld SV OG Uerdingen\",\"description\":\"Hundesportverein Krefeld Ortsgruppe Uerdingen\",\"potentialAction\":[{\"@type\":\"SearchAction\",\"target\":{\"@type\":\"EntryPoint\",\"urlTemplate\":\"https:\/\/sv-uerdingen.de\/?s={search_term_string}\"},\"query-input\":\"required name=search_term_string\"}],\"inLanguage\":\"de\"},{\"@type\":\"Person\",\"@id\":\"https:\/\/sv-uerdingen.de\/#\/schema\/person\/36568bcb6003e0d289b665a89b015da2\",\"name\":\"Meike Chlebowski\",\"image\":{\"@type\":\"ImageObject\",\"inLanguage\":\"de\",\"@id\":\"https:\/\/sv-uerdingen.de\/#\/schema\/person\/image\/\",\"url\":\"https:\/\/secure.gravatar.com\/avatar\/7d995fa881068ea1d41344795fe68c195a5b418ffcb1a36c6a99d86a52374d9d?s=96&d=mm&r=g\",\"contentUrl\":\"https:\/\/secure.gravatar.com\/avatar\/7d995fa881068ea1d41344795fe68c195a5b418ffcb1a36c6a99d86a52374d9d?s=96&d=mm&r=g\",\"caption\":\"Meike Chlebowski\"},\"url\":\"http:\/\/sv-uerdingen.de\/?author=8\"}]}<\/script>\n<!-- \/ Yoast SEO plugin. -->","yoast_head_json":{"title":"Bundesliga Finale in der SV OG Aubachtal - Hundesportverein Krefeld SV OG Uerdingen","robots":{"index":"index","follow":"follow","max-snippet":"max-snippet:-1","max-image-preview":"max-image-preview:large","max-video-preview":"max-video-preview:-1"},"canonical":"https:\/\/sv-uerdingen.de\/?p=2490","og_locale":"de_DE","og_type":"article","og_title":"Bundesliga Finale in der SV OG Aubachtal - Hundesportverein Krefeld SV OG Uerdingen","og_description":"Die Mannschaften der Liga Nord und S\u00fcd traten gegeneinander an. Die tolle Organisation der OG Aubachtal, die herzliche Atmosph\u00e4re und das freundschaftliche Miteinander lie\u00df jeden Teilnehmer eigentlich schon als Sieger f\u00fchlen. Bei bestem Wetter wurden noch einmal tolle L\u00e4ufe gezeigt, mitgefiebert, gelacht und Daumen gedr\u00fcckt. Auch ein gro\u00dfer Teil der Familie war wieder mit angereist [&hellip;]","og_url":"https:\/\/sv-uerdingen.de\/?p=2490","og_site_name":"Hundesportverein Krefeld SV OG Uerdingen","article_published_time":"2023-09-24T06:56:58+00:00","article_modified_time":"2023-10-04T07:08:06+00:00","og_image":[{"width":1600,"height":1200,"url":"https:\/\/sv-uerdingen.de\/wp-content\/uploads\/2023\/10\/IMG-20230924-WA0010.jpg","type":"image\/jpeg"}],"author":"Meike Chlebowski","twitter_card":"summary_large_image","twitter_misc":{"Verfasst von":"Meike Chlebowski","Gesch\u00e4tzte Lesezeit":"1\u00a0Minute"},"schema":{"@context":"https:\/\/schema.org","@graph":[{"@type":"WebPage","@id":"https:\/\/sv-uerdingen.de\/?p=2490","url":"https:\/\/sv-uerdingen.de\/?p=2490","name":"Bundesliga Finale in der SV OG Aubachtal - Hundesportverein Krefeld SV OG Uerdingen","isPartOf":{"@id":"https:\/\/sv-uerdingen.de\/#website"},"datePublished":"2023-09-24T06:56:58+00:00","dateModified":"2023-10-04T07:08:06+00:00","author":{"@id":"https:\/\/sv-uerdingen.de\/#\/schema\/person\/36568bcb6003e0d289b665a89b015da2"},"breadcrumb":{"@id":"https:\/\/sv-uerdingen.de\/?p=2490#breadcrumb"},"inLanguage":"de","potentialAction":[{"@type":"ReadAction","target":["https:\/\/sv-uerdingen.de\/?p=2490"]}]},{"@type":"BreadcrumbList","@id":"https:\/\/sv-uerdingen.de\/?p=2490#breadcrumb","itemListElement":[{"@type":"ListItem","position":1,"name":"Startseite","item":"https:\/\/sv-uerdingen.de\/"},{"@type":"ListItem","position":2,"name":"Bundesliga Finale in der SV OG Aubachtal"}]},{"@type":"WebSite","@id":"https:\/\/sv-uerdingen.de\/#website","url":"https:\/\/sv-uerdingen.de\/","name":"Hundesportverein Krefeld SV OG Uerdingen","description":"Hundesportverein Krefeld Ortsgruppe Uerdingen","potentialAction":[{"@type":"SearchAction","target":{"@type":"EntryPoint","urlTemplate":"https:\/\/sv-uerdingen.de\/?s={search_term_string}"},"query-input":"required name=search_term_string"}],"inLanguage":"de"},{"@type":"Person","@id":"https:\/\/sv-uerdingen.de\/#\/schema\/person\/36568bcb6003e0d289b665a89b015da2","name":"Meike Chlebowski","image":{"@type":"ImageObject","inLanguage":"de","@id":"https:\/\/sv-uerdingen.de\/#\/schema\/person\/image\/","url":"https:\/\/secure.gravatar.com\/avatar\/7d995fa881068ea1d41344795fe68c195a5b418ffcb1a36c6a99d86a52374d9d?s=96&d=mm&r=g","contentUrl":"https:\/\/secure.gravatar.com\/avatar\/7d995fa881068ea1d41344795fe68c195a5b418ffcb1a36c6a99d86a52374d9d?s=96&d=mm&r=g","caption":"Meike Chlebowski"},"url":"http:\/\/sv-uerdingen.de\/?author=8"}]}},"_links":{"self":[{"href":"http:\/\/sv-uerdingen.de\/index.php?rest_route=\/wp\/v2\/posts\/2490","targetHints":{"allow":["GET"]}}],"collection":[{"href":"http:\/\/sv-uerdingen.de\/index.php?rest_route=\/wp\/v2\/posts"}],"about":[{"href":"http:\/\/sv-uerdingen.de\/index.php?rest_route=\/wp\/v2\/types\/post"}],"author":[{"embeddable":true,"href":"http:\/\/sv-uerdingen.de\/index.php?rest_route=\/wp\/v2\/users\/8"}],"replies":[{"embeddable":true,"href":"http:\/\/sv-uerdingen.de\/index.php?rest_route=%2Fwp%2Fv2%2Fcomments&post=2490"}],"version-history":[{"count":1,"href":"http:\/\/sv-uerdingen.de\/index.php?rest_route=\/wp\/v2\/posts\/2490\/revisions"}],"predecessor-version":[{"id":2493,"href":"http:\/\/sv-uerdingen.de\/index.php?rest_route=\/wp\/v2\/posts\/2490\/revisions\/2493"}],"wp:featuredmedia":[{"embeddable":true,"href":"http:\/\/sv-uerdingen.de\/index.php?rest_route=\/wp\/v2\/media\/2491"}],"wp:attachment":[{"href":"http:\/\/sv-uerdingen.de\/index.php?rest_route=%2Fwp%2Fv2%2Fmedia&parent=2490"}],"wp:term":[{"taxonomy":"category","embeddable":true,"href":"http:\/\/sv-uerdingen.de\/index.php?rest_route=%2Fwp%2Fv2%2Fcategories&post=2490"},{"taxonomy":"post_tag","embeddable":true,"href":"http:\/\/sv-uerdingen.de\/index.php?rest_route=%2Fwp%2Fv2%2Ftags&post=2490"}],"curies":[{"name":"wp","href":"https:\/\/api.w.org\/{rel}","templated":true}]}}