{"id":2535,"date":"2023-11-04T11:41:25","date_gmt":"2023-11-04T10:41:25","guid":{"rendered":"http:\/\/sv-uerdingen.de\/?p=2535"},"modified":"2023-12-31T11:43:25","modified_gmt":"2023-12-31T10:43:25","slug":"nachtwanderung-am-04-11-2023","status":"publish","type":"post","link":"http:\/\/sv-uerdingen.de\/?p=2535","title":{"rendered":"Nachtwanderung am 04.11.2023"},"content":{"rendered":"\n<p>Das Wetter hat es gut mit uns gemeint. Es hat nicht geregnet und war auch nicht zu kalt. Waldemar hat die Wanderung organisiert. Karlheinz sagte uns zu Beginn aber, dass Waldemar nicht mitkommt. Alle waren erstaunt, wie das wohl gehen sollte &#8211; wir kannten die Strecke doch nicht. Er hatte den Weg mit Leuchtst\u00e4ben an B\u00fcschen und B\u00e4umen und auf den Wiesen markiert. Es was eine super aufregende Wanderung und wir hatten soviel Spa\u00df. Danke Waldemar. Das Essen war dann ein guter Abschluss in fr\u00f6hlicher Runde. Diese Aktivit\u00e4t fordert eine Wiederholung im n\u00e4chsten Jahr.<\/p>\n\n\n\n<figure class=\"wp-block-gallery has-nested-images columns-default is-cropped wp-block-gallery-1 is-layout-flex wp-block-gallery-is-layout-flex\">\n<figure class=\"wp-block-image size-large\"><img loading=\"lazy\" decoding=\"async\" width=\"1024\" height=\"1024\" data-id=\"2526\" src=\"http:\/\/sv-uerdingen.de\/wp-content\/uploads\/2023\/12\/20231104_181748-1024x1024.jpg\" alt=\"\" class=\"wp-image-2526\" srcset=\"http:\/\/sv-uerdingen.de\/wp-content\/uploads\/2023\/12\/20231104_181748-980x980.jpg 980w, http:\/\/sv-uerdingen.de\/wp-content\/uploads\/2023\/12\/20231104_181748-480x480.jpg 480w\" sizes=\"auto, (min-width: 0px) and (max-width: 480px) 480px, (min-width: 481px) and (max-width: 980px) 980px, (min-width: 981px) 1024px, 100vw\" \/><\/figure>\n\n\n\n<figure class=\"wp-block-image size-large\"><img loading=\"lazy\" decoding=\"async\" width=\"1024\" height=\"1024\" data-id=\"2528\" src=\"http:\/\/sv-uerdingen.de\/wp-content\/uploads\/2023\/12\/20231104_181753-1024x1024.jpg\" alt=\"\" class=\"wp-image-2528\" srcset=\"http:\/\/sv-uerdingen.de\/wp-content\/uploads\/2023\/12\/20231104_181753-980x980.jpg 980w, http:\/\/sv-uerdingen.de\/wp-content\/uploads\/2023\/12\/20231104_181753-480x480.jpg 480w\" sizes=\"auto, (min-width: 0px) and (max-width: 480px) 480px, (min-width: 481px) and (max-width: 980px) 980px, (min-width: 981px) 1024px, 100vw\" \/><\/figure>\n\n\n\n<figure class=\"wp-block-image size-large\"><img loading=\"lazy\" decoding=\"async\" width=\"768\" height=\"1024\" data-id=\"2529\" src=\"http:\/\/sv-uerdingen.de\/wp-content\/uploads\/2023\/12\/IMG-20231104-WA0010-768x1024.jpg\" alt=\"\" class=\"wp-image-2529\"\/><\/figure>\n\n\n\n<figure class=\"wp-block-image size-large\"><img loading=\"lazy\" decoding=\"async\" width=\"1024\" height=\"768\" data-id=\"2530\" src=\"http:\/\/sv-uerdingen.de\/wp-content\/uploads\/2023\/12\/IMG-20231104-WA0011-1024x768.jpg\" alt=\"\" class=\"wp-image-2530\" srcset=\"http:\/\/sv-uerdingen.de\/wp-content\/uploads\/2023\/12\/IMG-20231104-WA0011-980x735.jpg 980w, http:\/\/sv-uerdingen.de\/wp-content\/uploads\/2023\/12\/IMG-20231104-WA0011-480x360.jpg 480w\" sizes=\"auto, (min-width: 0px) and (max-width: 480px) 480px, (min-width: 481px) and (max-width: 980px) 980px, (min-width: 981px) 1024px, 100vw\" \/><\/figure>\n\n\n\n<figure class=\"wp-block-image size-large\"><img loading=\"lazy\" decoding=\"async\" width=\"1024\" height=\"768\" data-id=\"2531\" src=\"http:\/\/sv-uerdingen.de\/wp-content\/uploads\/2023\/12\/IMG-20231104-WA0012-1024x768.jpg\" alt=\"\" class=\"wp-image-2531\" srcset=\"http:\/\/sv-uerdingen.de\/wp-content\/uploads\/2023\/12\/IMG-20231104-WA0012-980x735.jpg 980w, http:\/\/sv-uerdingen.de\/wp-content\/uploads\/2023\/12\/IMG-20231104-WA0012-480x360.jpg 480w\" sizes=\"auto, (min-width: 0px) and (max-width: 480px) 480px, (min-width: 481px) and (max-width: 980px) 980px, (min-width: 981px) 1024px, 100vw\" \/><\/figure>\n<\/figure>\n","protected":false},"excerpt":{"rendered":"<p>Das Wetter hat es gut mit uns gemeint. Es hat nicht geregnet und war auch nicht zu kalt. Waldemar hat die Wanderung organisiert. Karlheinz sagte uns zu Beginn aber, dass Waldemar nicht mitkommt. Alle waren erstaunt, wie das wohl gehen sollte &#8211; wir kannten die Strecke doch nicht. Er hatte den Weg mit Leuchtst\u00e4ben an [&hellip;]<\/p>\n","protected":false},"author":2,"featured_media":2525,"comment_status":"closed","ping_status":"closed","sticky":false,"template":"","format":"standard","meta":{"_et_pb_use_builder":"","_et_pb_old_content":"","_et_gb_content_width":"","footnotes":""},"categories":[12],"tags":[],"class_list":["post-2535","post","type-post","status-publish","format-standard","has-post-thumbnail","hentry","category-vereinsleben"],"yoast_head":"<!-- This site is optimized with the Yoast SEO plugin v22.1 - https:\/\/yoast.com\/wordpress\/plugins\/seo\/ -->\n<title>Nachtwanderung am 04.11.2023 - Hundesportverein Krefeld SV OG Uerdingen<\/title>\n<meta name=\"robots\" content=\"index, follow, max-snippet:-1, max-image-preview:large, max-video-preview:-1\" \/>\n<link rel=\"canonical\" href=\"https:\/\/sv-uerdingen.de\/?p=2535\" \/>\n<meta property=\"og:locale\" content=\"de_DE\" \/>\n<meta property=\"og:type\" content=\"article\" \/>\n<meta property=\"og:title\" content=\"Nachtwanderung am 04.11.2023 - Hundesportverein Krefeld SV OG Uerdingen\" \/>\n<meta property=\"og:description\" content=\"Das Wetter hat es gut mit uns gemeint. Es hat nicht geregnet und war auch nicht zu kalt. Waldemar hat die Wanderung organisiert. Karlheinz sagte uns zu Beginn aber, dass Waldemar nicht mitkommt. Alle waren erstaunt, wie das wohl gehen sollte &#8211; wir kannten die Strecke doch nicht. Er hatte den Weg mit Leuchtst\u00e4ben an [&hellip;]\" \/>\n<meta property=\"og:url\" content=\"https:\/\/sv-uerdingen.de\/?p=2535\" \/>\n<meta property=\"og:site_name\" content=\"Hundesportverein Krefeld SV OG Uerdingen\" \/>\n<meta property=\"article:published_time\" content=\"2023-11-04T10:41:25+00:00\" \/>\n<meta property=\"article:modified_time\" content=\"2023-12-31T10:43:25+00:00\" \/>\n<meta property=\"og:image\" content=\"https:\/\/sv-uerdingen.de\/wp-content\/uploads\/2023\/12\/20231104_181746-scaled.jpg\" \/>\n\t<meta property=\"og:image:width\" content=\"2560\" \/>\n\t<meta property=\"og:image:height\" content=\"2560\" \/>\n\t<meta property=\"og:image:type\" content=\"image\/jpeg\" \/>\n<meta name=\"author\" content=\"Gabriele Dinkelbach\" \/>\n<meta name=\"twitter:card\" content=\"summary_large_image\" \/>\n<meta name=\"twitter:label1\" content=\"Verfasst von\" \/>\n\t<meta name=\"twitter:data1\" content=\"Gabriele Dinkelbach\" \/>\n\t<meta name=\"twitter:label2\" content=\"Gesch\u00e4tzte Lesezeit\" \/>\n\t<meta name=\"twitter:data2\" content=\"1\u00a0Minute\" \/>\n<script type=\"application\/ld+json\" class=\"yoast-schema-graph\">{\"@context\":\"https:\/\/schema.org\",\"@graph\":[{\"@type\":\"WebPage\",\"@id\":\"https:\/\/sv-uerdingen.de\/?p=2535\",\"url\":\"https:\/\/sv-uerdingen.de\/?p=2535\",\"name\":\"Nachtwanderung am 04.11.2023 - Hundesportverein Krefeld SV OG Uerdingen\",\"isPartOf\":{\"@id\":\"https:\/\/sv-uerdingen.de\/#website\"},\"datePublished\":\"2023-11-04T10:41:25+00:00\",\"dateModified\":\"2023-12-31T10:43:25+00:00\",\"author\":{\"@id\":\"https:\/\/sv-uerdingen.de\/#\/schema\/person\/448b87b91525974311bf97b9059c7f71\"},\"breadcrumb\":{\"@id\":\"https:\/\/sv-uerdingen.de\/?p=2535#breadcrumb\"},\"inLanguage\":\"de\",\"potentialAction\":[{\"@type\":\"ReadAction\",\"target\":[\"https:\/\/sv-uerdingen.de\/?p=2535\"]}]},{\"@type\":\"BreadcrumbList\",\"@id\":\"https:\/\/sv-uerdingen.de\/?p=2535#breadcrumb\",\"itemListElement\":[{\"@type\":\"ListItem\",\"position\":1,\"name\":\"Startseite\",\"item\":\"https:\/\/sv-uerdingen.de\/\"},{\"@type\":\"ListItem\",\"position\":2,\"name\":\"Nachtwanderung am 04.11.2023\"}]},{\"@type\":\"WebSite\",\"@id\":\"https:\/\/sv-uerdingen.de\/#website\",\"url\":\"https:\/\/sv-uerdingen.de\/\",\"name\":\"Hundesportverein Krefeld SV OG Uerdingen\",\"description\":\"Hundesportverein Krefeld Ortsgruppe Uerdingen\",\"potentialAction\":[{\"@type\":\"SearchAction\",\"target\":{\"@type\":\"EntryPoint\",\"urlTemplate\":\"https:\/\/sv-uerdingen.de\/?s={search_term_string}\"},\"query-input\":\"required name=search_term_string\"}],\"inLanguage\":\"de\"},{\"@type\":\"Person\",\"@id\":\"https:\/\/sv-uerdingen.de\/#\/schema\/person\/448b87b91525974311bf97b9059c7f71\",\"name\":\"Gabriele Dinkelbach\",\"image\":{\"@type\":\"ImageObject\",\"inLanguage\":\"de\",\"@id\":\"https:\/\/sv-uerdingen.de\/#\/schema\/person\/image\/\",\"url\":\"https:\/\/secure.gravatar.com\/avatar\/865667655dde368c2b5943b5c4b682c158c725fdc8d789f49f4cc07c3f642c6b?s=96&d=mm&r=g\",\"contentUrl\":\"https:\/\/secure.gravatar.com\/avatar\/865667655dde368c2b5943b5c4b682c158c725fdc8d789f49f4cc07c3f642c6b?s=96&d=mm&r=g\",\"caption\":\"Gabriele Dinkelbach\"},\"url\":\"http:\/\/sv-uerdingen.de\/?author=2\"}]}<\/script>\n<!-- \/ Yoast SEO plugin. -->","yoast_head_json":{"title":"Nachtwanderung am 04.11.2023 - Hundesportverein Krefeld SV OG Uerdingen","robots":{"index":"index","follow":"follow","max-snippet":"max-snippet:-1","max-image-preview":"max-image-preview:large","max-video-preview":"max-video-preview:-1"},"canonical":"https:\/\/sv-uerdingen.de\/?p=2535","og_locale":"de_DE","og_type":"article","og_title":"Nachtwanderung am 04.11.2023 - Hundesportverein Krefeld SV OG Uerdingen","og_description":"Das Wetter hat es gut mit uns gemeint. Es hat nicht geregnet und war auch nicht zu kalt. Waldemar hat die Wanderung organisiert. Karlheinz sagte uns zu Beginn aber, dass Waldemar nicht mitkommt. Alle waren erstaunt, wie das wohl gehen sollte &#8211; wir kannten die Strecke doch nicht. Er hatte den Weg mit Leuchtst\u00e4ben an [&hellip;]","og_url":"https:\/\/sv-uerdingen.de\/?p=2535","og_site_name":"Hundesportverein Krefeld SV OG Uerdingen","article_published_time":"2023-11-04T10:41:25+00:00","article_modified_time":"2023-12-31T10:43:25+00:00","og_image":[{"width":2560,"height":2560,"url":"https:\/\/sv-uerdingen.de\/wp-content\/uploads\/2023\/12\/20231104_181746-scaled.jpg","type":"image\/jpeg"}],"author":"Gabriele Dinkelbach","twitter_card":"summary_large_image","twitter_misc":{"Verfasst von":"Gabriele Dinkelbach","Gesch\u00e4tzte Lesezeit":"1\u00a0Minute"},"schema":{"@context":"https:\/\/schema.org","@graph":[{"@type":"WebPage","@id":"https:\/\/sv-uerdingen.de\/?p=2535","url":"https:\/\/sv-uerdingen.de\/?p=2535","name":"Nachtwanderung am 04.11.2023 - Hundesportverein Krefeld SV OG Uerdingen","isPartOf":{"@id":"https:\/\/sv-uerdingen.de\/#website"},"datePublished":"2023-11-04T10:41:25+00:00","dateModified":"2023-12-31T10:43:25+00:00","author":{"@id":"https:\/\/sv-uerdingen.de\/#\/schema\/person\/448b87b91525974311bf97b9059c7f71"},"breadcrumb":{"@id":"https:\/\/sv-uerdingen.de\/?p=2535#breadcrumb"},"inLanguage":"de","potentialAction":[{"@type":"ReadAction","target":["https:\/\/sv-uerdingen.de\/?p=2535"]}]},{"@type":"BreadcrumbList","@id":"https:\/\/sv-uerdingen.de\/?p=2535#breadcrumb","itemListElement":[{"@type":"ListItem","position":1,"name":"Startseite","item":"https:\/\/sv-uerdingen.de\/"},{"@type":"ListItem","position":2,"name":"Nachtwanderung am 04.11.2023"}]},{"@type":"WebSite","@id":"https:\/\/sv-uerdingen.de\/#website","url":"https:\/\/sv-uerdingen.de\/","name":"Hundesportverein Krefeld SV OG Uerdingen","description":"Hundesportverein Krefeld Ortsgruppe Uerdingen","potentialAction":[{"@type":"SearchAction","target":{"@type":"EntryPoint","urlTemplate":"https:\/\/sv-uerdingen.de\/?s={search_term_string}"},"query-input":"required name=search_term_string"}],"inLanguage":"de"},{"@type":"Person","@id":"https:\/\/sv-uerdingen.de\/#\/schema\/person\/448b87b91525974311bf97b9059c7f71","name":"Gabriele Dinkelbach","image":{"@type":"ImageObject","inLanguage":"de","@id":"https:\/\/sv-uerdingen.de\/#\/schema\/person\/image\/","url":"https:\/\/secure.gravatar.com\/avatar\/865667655dde368c2b5943b5c4b682c158c725fdc8d789f49f4cc07c3f642c6b?s=96&d=mm&r=g","contentUrl":"https:\/\/secure.gravatar.com\/avatar\/865667655dde368c2b5943b5c4b682c158c725fdc8d789f49f4cc07c3f642c6b?s=96&d=mm&r=g","caption":"Gabriele Dinkelbach"},"url":"http:\/\/sv-uerdingen.de\/?author=2"}]}},"_links":{"self":[{"href":"http:\/\/sv-uerdingen.de\/index.php?rest_route=\/wp\/v2\/posts\/2535","targetHints":{"allow":["GET"]}}],"collection":[{"href":"http:\/\/sv-uerdingen.de\/index.php?rest_route=\/wp\/v2\/posts"}],"about":[{"href":"http:\/\/sv-uerdingen.de\/index.php?rest_route=\/wp\/v2\/types\/post"}],"author":[{"embeddable":true,"href":"http:\/\/sv-uerdingen.de\/index.php?rest_route=\/wp\/v2\/users\/2"}],"replies":[{"embeddable":true,"href":"http:\/\/sv-uerdingen.de\/index.php?rest_route=%2Fwp%2Fv2%2Fcomments&post=2535"}],"version-history":[{"count":1,"href":"http:\/\/sv-uerdingen.de\/index.php?rest_route=\/wp\/v2\/posts\/2535\/revisions"}],"predecessor-version":[{"id":2536,"href":"http:\/\/sv-uerdingen.de\/index.php?rest_route=\/wp\/v2\/posts\/2535\/revisions\/2536"}],"wp:featuredmedia":[{"embeddable":true,"href":"http:\/\/sv-uerdingen.de\/index.php?rest_route=\/wp\/v2\/media\/2525"}],"wp:attachment":[{"href":"http:\/\/sv-uerdingen.de\/index.php?rest_route=%2Fwp%2Fv2%2Fmedia&parent=2535"}],"wp:term":[{"taxonomy":"category","embeddable":true,"href":"http:\/\/sv-uerdingen.de\/index.php?rest_route=%2Fwp%2Fv2%2Fcategories&post=2535"},{"taxonomy":"post_tag","embeddable":true,"href":"http:\/\/sv-uerdingen.de\/index.php?rest_route=%2Fwp%2Fv2%2Ftags&post=2535"}],"curies":[{"name":"wp","href":"https:\/\/api.w.org\/{rel}","templated":true}]}}