{"id":2435,"date":"2023-07-16T15:59:42","date_gmt":"2023-07-16T13:59:42","guid":{"rendered":"http:\/\/sv-uerdingen.de\/?p=2435"},"modified":"2023-08-20T16:07:52","modified_gmt":"2023-08-20T14:07:52","slug":"2-agility-bundesliga-wochenende-in-der-og-duelmen-am-15-16-7-2023","status":"publish","type":"post","link":"https:\/\/sv-uerdingen.de\/?p=2435","title":{"rendered":"2. Agility Bundesliga-Wochenende in der OG D\u00fclmen am 15.\/16.7.2023"},"content":{"rendered":"\n<p>Letztes Wochenende fand das Agility Bundesliga Turnier in der OG D\u00fclmen statt. Der Samstag startete leider nicht so gut. Irgendwie war der Wurm drin. Dabei hatten alle sich so darauf gefreut und flei\u00dfig trainiert.<\/p>\n\n\n\n<p>Auch die OG D\u00fclmen hatte alles bestens organisiert. Man f\u00fchlte sich direkt wohl.<\/p>\n\n\n\n<p>Mit Verst\u00e4rkung der Familien und Ortsgruppen Kollegen stieg dann Sonntag aber der Kampfgeist und die beiden Mannschaften konnten sich immerhin auf Platz 7 (Uerdingen 1 mit 2036 Punkten) und Platz 9 (Uerdingen 2 mit 1016 Punkten) behaupten.<\/p>\n\n\n\n<p>Auch die Einzelwertungen k\u00f6nnen sich sehen lassen:<br>Diana mit Zakki: 1. Platz A1 Intermediate<br>Maike mit Piper: 4. Platz A1 Large<br>Maike mit Jack: 4. Platz A2 Large<br>Karsten mit Leeloo: 2.Platz A2 Large<br>Martina mit Taylor: 7. Platz A2 Large \/ 6. Platz J2 Large<br>Meike mit Eddie: 2. Platz A3 Small<br>Meike mit Mo: 3. Platz A1 Large<br>Mareike mit Doolittle: 4. Platz A3 Small \/ 2. Platz J3 Small<br>Wolfgang mit Quentin: 3. Platz J3 Large<\/p>\n\n\n\n<p>Wir gratulieren ganz herzlich den Gewinnern der Bundesliga Nord: der OG Niestetal Wald mit 2323 Punkten.<\/p>\n\n\n\n<p>In der OG Aubachtal treten dann am 24.9.2023 zum finale die Mannschaften der Bundesliga Nord und S\u00fcd gegeneinander an. Wir sind dabei.<\/p>\n\n\n\n<figure class=\"wp-block-gallery has-nested-images columns-default is-cropped wp-block-gallery-1 is-layout-flex wp-block-gallery-is-layout-flex\">\n<figure class=\"wp-block-image size-large\"><img loading=\"lazy\" decoding=\"async\" width=\"1002\" height=\"761\" data-id=\"2447\" src=\"http:\/\/sv-uerdingen.de\/wp-content\/uploads\/2023\/08\/IMG-20230807-WA0020.jpg\" alt=\"\" class=\"wp-image-2447\" srcset=\"http:\/\/sv-uerdingen.de\/wp-content\/uploads\/2023\/08\/IMG-20230807-WA0020.jpg 1002w, http:\/\/sv-uerdingen.de\/wp-content\/uploads\/2023\/08\/IMG-20230807-WA0020-980x744.jpg 980w, http:\/\/sv-uerdingen.de\/wp-content\/uploads\/2023\/08\/IMG-20230807-WA0020-480x365.jpg 480w\" sizes=\"auto, (min-width: 0px) and (max-width: 480px) 480px, (min-width: 481px) and (max-width: 980px) 980px, (min-width: 981px) 1002px, 100vw\" \/><\/figure>\n\n\n\n<figure class=\"wp-block-image size-large\"><img loading=\"lazy\" decoding=\"async\" width=\"1023\" height=\"765\" data-id=\"2446\" src=\"http:\/\/sv-uerdingen.de\/wp-content\/uploads\/2023\/08\/IMG-20230807-WA0019.jpg\" alt=\"\" class=\"wp-image-2446\" srcset=\"http:\/\/sv-uerdingen.de\/wp-content\/uploads\/2023\/08\/IMG-20230807-WA0019.jpg 1023w, http:\/\/sv-uerdingen.de\/wp-content\/uploads\/2023\/08\/IMG-20230807-WA0019-980x733.jpg 980w, http:\/\/sv-uerdingen.de\/wp-content\/uploads\/2023\/08\/IMG-20230807-WA0019-480x359.jpg 480w\" sizes=\"auto, (min-width: 0px) and (max-width: 480px) 480px, (min-width: 481px) and (max-width: 980px) 980px, (min-width: 981px) 1023px, 100vw\" \/><\/figure>\n\n\n\n<figure class=\"wp-block-image size-large\"><img loading=\"lazy\" decoding=\"async\" width=\"1019\" height=\"770\" data-id=\"2445\" src=\"http:\/\/sv-uerdingen.de\/wp-content\/uploads\/2023\/08\/IMG-20230807-WA0018.jpg\" alt=\"\" class=\"wp-image-2445\" srcset=\"http:\/\/sv-uerdingen.de\/wp-content\/uploads\/2023\/08\/IMG-20230807-WA0018.jpg 1019w, http:\/\/sv-uerdingen.de\/wp-content\/uploads\/2023\/08\/IMG-20230807-WA0018-980x741.jpg 980w, http:\/\/sv-uerdingen.de\/wp-content\/uploads\/2023\/08\/IMG-20230807-WA0018-480x363.jpg 480w\" sizes=\"auto, (min-width: 0px) and (max-width: 480px) 480px, (min-width: 481px) and (max-width: 980px) 980px, (min-width: 981px) 1019px, 100vw\" \/><\/figure>\n\n\n\n<figure class=\"wp-block-image size-large\"><img loading=\"lazy\" decoding=\"async\" width=\"763\" height=\"1024\" data-id=\"2444\" src=\"http:\/\/sv-uerdingen.de\/wp-content\/uploads\/2023\/08\/IMG-20230807-WA0017-763x1024.jpg\" alt=\"\" class=\"wp-image-2444\"\/><\/figure>\n\n\n\n<figure class=\"wp-block-image size-large\"><img loading=\"lazy\" decoding=\"async\" width=\"760\" height=\"1024\" data-id=\"2443\" src=\"http:\/\/sv-uerdingen.de\/wp-content\/uploads\/2023\/08\/IMG-20230807-WA0015-760x1024.jpg\" alt=\"\" class=\"wp-image-2443\"\/><\/figure>\n\n\n\n<figure class=\"wp-block-image size-large\"><img loading=\"lazy\" decoding=\"async\" width=\"773\" height=\"1024\" data-id=\"2442\" src=\"http:\/\/sv-uerdingen.de\/wp-content\/uploads\/2023\/08\/IMG-20230807-WA0014-773x1024.jpg\" alt=\"\" class=\"wp-image-2442\"\/><\/figure>\n\n\n\n<figure class=\"wp-block-image size-large\"><img loading=\"lazy\" decoding=\"async\" width=\"801\" height=\"1024\" data-id=\"2441\" src=\"http:\/\/sv-uerdingen.de\/wp-content\/uploads\/2023\/08\/IMG-20230807-WA0013-801x1024.jpg\" alt=\"\" class=\"wp-image-2441\"\/><\/figure>\n\n\n\n<figure class=\"wp-block-image size-large\"><img loading=\"lazy\" decoding=\"async\" width=\"813\" height=\"1024\" data-id=\"2440\" src=\"http:\/\/sv-uerdingen.de\/wp-content\/uploads\/2023\/08\/IMG-20230807-WA0012-813x1024.jpg\" alt=\"\" class=\"wp-image-2440\"\/><\/figure>\n\n\n\n<figure class=\"wp-block-image size-large\"><img loading=\"lazy\" decoding=\"async\" width=\"717\" height=\"1024\" data-id=\"2439\" src=\"http:\/\/sv-uerdingen.de\/wp-content\/uploads\/2023\/08\/IMG-20230807-WA0007-717x1024.jpg\" alt=\"\" class=\"wp-image-2439\"\/><\/figure>\n<\/figure>\n","protected":false},"excerpt":{"rendered":"<p>Letztes Wochenende fand das Agility Bundesliga Turnier in der OG D\u00fclmen statt. Der Samstag startete leider nicht so gut. Irgendwie war der Wurm drin. Dabei hatten alle sich so darauf gefreut und flei\u00dfig trainiert.<\/p>\n<p>Auch die OG D\u00fclmen hatte alles bestens organisiert. Man f\u00fchlte sich direkt wohl.<\/p>\n<p>Mit Verst\u00e4rkung der Familien und Ortsgruppen Kollegen stieg dann Sonntag aber der Kampfgeist und die beiden Mannschaften konnten sich immerhin auf Platz 7 (Uerdingen 1 mit 2036 Punkten) und Platz 9 (Uerdingen 2 mit 1016 Punkten) behaupten.<\/p>\n<p>Auch die Einzelwertungen k\u00f6nnen sich sehen lassen: &#8230;<\/p>\n","protected":false},"author":8,"featured_media":2438,"comment_status":"closed","ping_status":"closed","sticky":false,"template":"","format":"standard","meta":{"_et_pb_use_builder":"","_et_pb_old_content":"","_et_gb_content_width":"","footnotes":""},"categories":[15],"tags":[],"class_list":["post-2435","post","type-post","status-publish","format-standard","has-post-thumbnail","hentry","category-pruefungen"],"yoast_head":"<!-- This site is optimized with the Yoast SEO plugin v22.1 - https:\/\/yoast.com\/wordpress\/plugins\/seo\/ -->\n<title>2. Agility Bundesliga-Wochenende in der OG D\u00fclmen am 15.\/16.7.2023 - Hundesportverein Krefeld SV OG Uerdingen<\/title>\n<meta name=\"robots\" content=\"index, follow, max-snippet:-1, max-image-preview:large, max-video-preview:-1\" \/>\n<link rel=\"canonical\" href=\"https:\/\/sv-uerdingen.de\/?p=2435\" \/>\n<meta property=\"og:locale\" content=\"de_DE\" \/>\n<meta property=\"og:type\" content=\"article\" \/>\n<meta property=\"og:title\" content=\"2. Agility Bundesliga-Wochenende in der OG D\u00fclmen am 15.\/16.7.2023 - Hundesportverein Krefeld SV OG Uerdingen\" \/>\n<meta property=\"og:description\" content=\"Letztes Wochenende fand das Agility Bundesliga Turnier in der OG D\u00fclmen statt. Der Samstag startete leider nicht so gut. Irgendwie war der Wurm drin. Dabei hatten alle sich so darauf gefreut und flei\u00dfig trainiert. Auch die OG D\u00fclmen hatte alles bestens organisiert. Man f\u00fchlte sich direkt wohl. Mit Verst\u00e4rkung der Familien und Ortsgruppen Kollegen stieg dann Sonntag aber der Kampfgeist und die beiden Mannschaften konnten sich immerhin auf Platz 7 (Uerdingen 1 mit 2036 Punkten) und Platz 9 (Uerdingen 2 mit 1016 Punkten) behaupten. Auch die Einzelwertungen k\u00f6nnen sich sehen lassen: ...\" \/>\n<meta property=\"og:url\" content=\"https:\/\/sv-uerdingen.de\/?p=2435\" \/>\n<meta property=\"og:site_name\" content=\"Hundesportverein Krefeld SV OG Uerdingen\" \/>\n<meta property=\"article:published_time\" content=\"2023-07-16T13:59:42+00:00\" \/>\n<meta property=\"article:modified_time\" content=\"2023-08-20T14:07:52+00:00\" \/>\n<meta property=\"og:image\" content=\"https:\/\/sv-uerdingen.de\/wp-content\/uploads\/2023\/08\/IMG-20230716-WA0005.jpg\" \/>\n\t<meta property=\"og:image:width\" content=\"2048\" \/>\n\t<meta property=\"og:image:height\" content=\"1536\" \/>\n\t<meta property=\"og:image:type\" content=\"image\/jpeg\" \/>\n<meta name=\"author\" content=\"Meike Chlebowski\" \/>\n<meta name=\"twitter:card\" content=\"summary_large_image\" \/>\n<meta name=\"twitter:label1\" content=\"Verfasst von\" \/>\n\t<meta name=\"twitter:data1\" content=\"Meike Chlebowski\" \/>\n\t<meta name=\"twitter:label2\" content=\"Gesch\u00e4tzte Lesezeit\" \/>\n\t<meta name=\"twitter:data2\" content=\"1\u00a0Minute\" \/>\n<script type=\"application\/ld+json\" class=\"yoast-schema-graph\">{\"@context\":\"https:\/\/schema.org\",\"@graph\":[{\"@type\":\"WebPage\",\"@id\":\"https:\/\/sv-uerdingen.de\/?p=2435\",\"url\":\"https:\/\/sv-uerdingen.de\/?p=2435\",\"name\":\"2. Agility Bundesliga-Wochenende in der OG D\u00fclmen am 15.\/16.7.2023 - Hundesportverein Krefeld SV OG Uerdingen\",\"isPartOf\":{\"@id\":\"https:\/\/sv-uerdingen.de\/#website\"},\"datePublished\":\"2023-07-16T13:59:42+00:00\",\"dateModified\":\"2023-08-20T14:07:52+00:00\",\"author\":{\"@id\":\"https:\/\/sv-uerdingen.de\/#\/schema\/person\/36568bcb6003e0d289b665a89b015da2\"},\"breadcrumb\":{\"@id\":\"https:\/\/sv-uerdingen.de\/?p=2435#breadcrumb\"},\"inLanguage\":\"de\",\"potentialAction\":[{\"@type\":\"ReadAction\",\"target\":[\"https:\/\/sv-uerdingen.de\/?p=2435\"]}]},{\"@type\":\"BreadcrumbList\",\"@id\":\"https:\/\/sv-uerdingen.de\/?p=2435#breadcrumb\",\"itemListElement\":[{\"@type\":\"ListItem\",\"position\":1,\"name\":\"Startseite\",\"item\":\"https:\/\/sv-uerdingen.de\/\"},{\"@type\":\"ListItem\",\"position\":2,\"name\":\"2. Agility Bundesliga-Wochenende in der OG D\u00fclmen am 15.\/16.7.2023\"}]},{\"@type\":\"WebSite\",\"@id\":\"https:\/\/sv-uerdingen.de\/#website\",\"url\":\"https:\/\/sv-uerdingen.de\/\",\"name\":\"Hundesportverein Krefeld SV OG Uerdingen\",\"description\":\"Hundesportverein Krefeld Ortsgruppe Uerdingen\",\"potentialAction\":[{\"@type\":\"SearchAction\",\"target\":{\"@type\":\"EntryPoint\",\"urlTemplate\":\"https:\/\/sv-uerdingen.de\/?s={search_term_string}\"},\"query-input\":\"required name=search_term_string\"}],\"inLanguage\":\"de\"},{\"@type\":\"Person\",\"@id\":\"https:\/\/sv-uerdingen.de\/#\/schema\/person\/36568bcb6003e0d289b665a89b015da2\",\"name\":\"Meike Chlebowski\",\"image\":{\"@type\":\"ImageObject\",\"inLanguage\":\"de\",\"@id\":\"https:\/\/sv-uerdingen.de\/#\/schema\/person\/image\/\",\"url\":\"https:\/\/secure.gravatar.com\/avatar\/7d995fa881068ea1d41344795fe68c195a5b418ffcb1a36c6a99d86a52374d9d?s=96&d=mm&r=g\",\"contentUrl\":\"https:\/\/secure.gravatar.com\/avatar\/7d995fa881068ea1d41344795fe68c195a5b418ffcb1a36c6a99d86a52374d9d?s=96&d=mm&r=g\",\"caption\":\"Meike Chlebowski\"},\"url\":\"https:\/\/sv-uerdingen.de\/?author=8\"}]}<\/script>\n<!-- \/ Yoast SEO plugin. -->","yoast_head_json":{"title":"2. Agility Bundesliga-Wochenende in der OG D\u00fclmen am 15.\/16.7.2023 - Hundesportverein Krefeld SV OG Uerdingen","robots":{"index":"index","follow":"follow","max-snippet":"max-snippet:-1","max-image-preview":"max-image-preview:large","max-video-preview":"max-video-preview:-1"},"canonical":"https:\/\/sv-uerdingen.de\/?p=2435","og_locale":"de_DE","og_type":"article","og_title":"2. Agility Bundesliga-Wochenende in der OG D\u00fclmen am 15.\/16.7.2023 - Hundesportverein Krefeld SV OG Uerdingen","og_description":"Letztes Wochenende fand das Agility Bundesliga Turnier in der OG D\u00fclmen statt. Der Samstag startete leider nicht so gut. Irgendwie war der Wurm drin. Dabei hatten alle sich so darauf gefreut und flei\u00dfig trainiert. Auch die OG D\u00fclmen hatte alles bestens organisiert. Man f\u00fchlte sich direkt wohl. Mit Verst\u00e4rkung der Familien und Ortsgruppen Kollegen stieg dann Sonntag aber der Kampfgeist und die beiden Mannschaften konnten sich immerhin auf Platz 7 (Uerdingen 1 mit 2036 Punkten) und Platz 9 (Uerdingen 2 mit 1016 Punkten) behaupten. Auch die Einzelwertungen k\u00f6nnen sich sehen lassen: ...","og_url":"https:\/\/sv-uerdingen.de\/?p=2435","og_site_name":"Hundesportverein Krefeld SV OG Uerdingen","article_published_time":"2023-07-16T13:59:42+00:00","article_modified_time":"2023-08-20T14:07:52+00:00","og_image":[{"width":2048,"height":1536,"url":"https:\/\/sv-uerdingen.de\/wp-content\/uploads\/2023\/08\/IMG-20230716-WA0005.jpg","type":"image\/jpeg"}],"author":"Meike Chlebowski","twitter_card":"summary_large_image","twitter_misc":{"Verfasst von":"Meike Chlebowski","Gesch\u00e4tzte Lesezeit":"1\u00a0Minute"},"schema":{"@context":"https:\/\/schema.org","@graph":[{"@type":"WebPage","@id":"https:\/\/sv-uerdingen.de\/?p=2435","url":"https:\/\/sv-uerdingen.de\/?p=2435","name":"2. Agility Bundesliga-Wochenende in der OG D\u00fclmen am 15.\/16.7.2023 - Hundesportverein Krefeld SV OG Uerdingen","isPartOf":{"@id":"https:\/\/sv-uerdingen.de\/#website"},"datePublished":"2023-07-16T13:59:42+00:00","dateModified":"2023-08-20T14:07:52+00:00","author":{"@id":"https:\/\/sv-uerdingen.de\/#\/schema\/person\/36568bcb6003e0d289b665a89b015da2"},"breadcrumb":{"@id":"https:\/\/sv-uerdingen.de\/?p=2435#breadcrumb"},"inLanguage":"de","potentialAction":[{"@type":"ReadAction","target":["https:\/\/sv-uerdingen.de\/?p=2435"]}]},{"@type":"BreadcrumbList","@id":"https:\/\/sv-uerdingen.de\/?p=2435#breadcrumb","itemListElement":[{"@type":"ListItem","position":1,"name":"Startseite","item":"https:\/\/sv-uerdingen.de\/"},{"@type":"ListItem","position":2,"name":"2. Agility Bundesliga-Wochenende in der OG D\u00fclmen am 15.\/16.7.2023"}]},{"@type":"WebSite","@id":"https:\/\/sv-uerdingen.de\/#website","url":"https:\/\/sv-uerdingen.de\/","name":"Hundesportverein Krefeld SV OG Uerdingen","description":"Hundesportverein Krefeld Ortsgruppe Uerdingen","potentialAction":[{"@type":"SearchAction","target":{"@type":"EntryPoint","urlTemplate":"https:\/\/sv-uerdingen.de\/?s={search_term_string}"},"query-input":"required name=search_term_string"}],"inLanguage":"de"},{"@type":"Person","@id":"https:\/\/sv-uerdingen.de\/#\/schema\/person\/36568bcb6003e0d289b665a89b015da2","name":"Meike Chlebowski","image":{"@type":"ImageObject","inLanguage":"de","@id":"https:\/\/sv-uerdingen.de\/#\/schema\/person\/image\/","url":"https:\/\/secure.gravatar.com\/avatar\/7d995fa881068ea1d41344795fe68c195a5b418ffcb1a36c6a99d86a52374d9d?s=96&d=mm&r=g","contentUrl":"https:\/\/secure.gravatar.com\/avatar\/7d995fa881068ea1d41344795fe68c195a5b418ffcb1a36c6a99d86a52374d9d?s=96&d=mm&r=g","caption":"Meike Chlebowski"},"url":"https:\/\/sv-uerdingen.de\/?author=8"}]}},"_links":{"self":[{"href":"https:\/\/sv-uerdingen.de\/index.php?rest_route=\/wp\/v2\/posts\/2435","targetHints":{"allow":["GET"]}}],"collection":[{"href":"https:\/\/sv-uerdingen.de\/index.php?rest_route=\/wp\/v2\/posts"}],"about":[{"href":"https:\/\/sv-uerdingen.de\/index.php?rest_route=\/wp\/v2\/types\/post"}],"author":[{"embeddable":true,"href":"https:\/\/sv-uerdingen.de\/index.php?rest_route=\/wp\/v2\/users\/8"}],"replies":[{"embeddable":true,"href":"https:\/\/sv-uerdingen.de\/index.php?rest_route=%2Fwp%2Fv2%2Fcomments&post=2435"}],"version-history":[{"count":4,"href":"https:\/\/sv-uerdingen.de\/index.php?rest_route=\/wp\/v2\/posts\/2435\/revisions"}],"predecessor-version":[{"id":2450,"href":"https:\/\/sv-uerdingen.de\/index.php?rest_route=\/wp\/v2\/posts\/2435\/revisions\/2450"}],"wp:featuredmedia":[{"embeddable":true,"href":"https:\/\/sv-uerdingen.de\/index.php?rest_route=\/wp\/v2\/media\/2438"}],"wp:attachment":[{"href":"https:\/\/sv-uerdingen.de\/index.php?rest_route=%2Fwp%2Fv2%2Fmedia&parent=2435"}],"wp:term":[{"taxonomy":"category","embeddable":true,"href":"https:\/\/sv-uerdingen.de\/index.php?rest_route=%2Fwp%2Fv2%2Fcategories&post=2435"},{"taxonomy":"post_tag","embeddable":true,"href":"https:\/\/sv-uerdingen.de\/index.php?rest_route=%2Fwp%2Fv2%2Ftags&post=2435"}],"curies":[{"name":"wp","href":"https:\/\/api.w.org\/{rel}","templated":true}]}}